{"id":14083,"date":"2023-12-10T17:08:00","date_gmt":"2023-12-10T17:08:00","guid":{"rendered":"https:\/\/municanete.cl\/v2\/?p=14083"},"modified":"2023-12-11T15:20:48","modified_gmt":"2023-12-11T15:20:48","slug":"turistas-pudieron-recorrer-la-zona-en-la-ruta-del-cordero-2023","status":"publish","type":"post","link":"https:\/\/municanete.cl\/v2\/turistas-pudieron-recorrer-la-zona-en-la-ruta-del-cordero-2023\/","title":{"rendered":"TURISTAS PUDIERON RECORRER LA ZONA EN LA RUTA DEL CORDERO 2023"},"content":{"rendered":"\n<p>Esta actividad organizada por la Oficina de Turismo de la Ilustre Municipalidad de Ca\u00f1ete ten\u00eda como objetivo demostrar y destacar los diferentes emprendimientos tur\u00edsticos de la zona.<\/p>\n\n\n\n<p>Para ello, este d\u00eda domingo un grupo de visitantes junto a Silvana Vergara, encargada de Turismo, recorrieron distintos puntos del territorio haciendo una primera parada en \u00abSol de Cayucupil\u00bb, empresa especializada en la producci\u00f3n de chicha y vinagre de manzana.<\/p>\n\n\n\n<p>Los visitantes llegaron posteriormente a Pulebu para conocer una queser\u00eda, que adem\u00e1s cuenta con camping y quinchos, lugar en donde los turistas tuvieron la oportunidad de degustar su especialidad.<\/p>\n\n\n\n<p>Luego, el grupo se dirigi\u00f3 al Parque Anique con la idea de fortalecer la actividad agr\u00edcola. All\u00ed se realiz\u00f3 una muestra de esquila de cordero, donde fueron los propios visitantes quienes cortaron el vell\u00f3n de la oveja y recibieron informaci\u00f3n sobre los aspectos t\u00e9cnicos de este proceso.<\/p>\n\n\n\n<p>El recorrido finaliz\u00f3 en Cayucupil, espec\u00edficamente en el local Dulce Tentaci\u00f3n, una alternativa gourmet donde se re\u00fane la gastronom\u00eda criolla con la cultura Mapuche y que hoy fue disfrutada por los participantes de la <strong>Ruta del Cordero<\/strong>.<\/p>\n","protected":false},"excerpt":{"rendered":"<p>Esta actividad organizada por la Oficina de Turismo de la Ilustre Municipalidad de Ca\u00f1ete ten\u00eda como objetivo demostrar y destacar los diferentes emprendimientos tur\u00edsticos de la zona. Para ello, este d\u00eda domingo un grupo de visitantes junto a Silvana Vergara, encargada de Turismo, recorrieron distintos puntos del territorio haciendo una primera parada en \u00abSol de &#8230; <\/p>\n<p class=\"read-more-container\"><a title=\"TURISTAS PUDIERON RECORRER LA ZONA EN LA RUTA DEL CORDERO 2023\" class=\"read-more button\" href=\"https:\/\/municanete.cl\/v2\/turistas-pudieron-recorrer-la-zona-en-la-ruta-del-cordero-2023\/#more-14083\" aria-label=\"Leer m\u00e1s sobre TURISTAS PUDIERON RECORRER LA ZONA EN LA RUTA DEL CORDERO 2023\">Leer m\u00e1s<\/a><\/p>\n","protected":false},"author":2,"featured_media":14084,"comment_status":"closed","ping_status":"closed","sticky":false,"template":"","format":"standard","meta":{"footnotes":""},"categories":[48,1],"tags":[],"class_list":["post-14083","post","type-post","status-publish","format-standard","has-post-thumbnail","hentry","category-sin-categoria","category-uncategorized"],"_links":{"self":[{"href":"https:\/\/municanete.cl\/v2\/wp-json\/wp\/v2\/posts\/14083","targetHints":{"allow":["GET"]}}],"collection":[{"href":"https:\/\/municanete.cl\/v2\/wp-json\/wp\/v2\/posts"}],"about":[{"href":"https:\/\/municanete.cl\/v2\/wp-json\/wp\/v2\/types\/post"}],"author":[{"embeddable":true,"href":"https:\/\/municanete.cl\/v2\/wp-json\/wp\/v2\/users\/2"}],"replies":[{"embeddable":true,"href":"https:\/\/municanete.cl\/v2\/wp-json\/wp\/v2\/comments?post=14083"}],"version-history":[{"count":0,"href":"https:\/\/municanete.cl\/v2\/wp-json\/wp\/v2\/posts\/14083\/revisions"}],"wp:featuredmedia":[{"embeddable":true,"href":"https:\/\/municanete.cl\/v2\/wp-json\/wp\/v2\/media\/14084"}],"wp:attachment":[{"href":"https:\/\/municanete.cl\/v2\/wp-json\/wp\/v2\/media?parent=14083"}],"wp:term":[{"taxonomy":"category","embeddable":true,"href":"https:\/\/municanete.cl\/v2\/wp-json\/wp\/v2\/categories?post=14083"},{"taxonomy":"post_tag","embeddable":true,"href":"https:\/\/municanete.cl\/v2\/wp-json\/wp\/v2\/tags?post=14083"}],"curies":[{"name":"wp","href":"https:\/\/api.w.org\/{rel}","templated":true}]}}