{"id":16729,"date":"2024-10-01T18:57:53","date_gmt":"2024-10-01T18:57:53","guid":{"rendered":"https:\/\/municanete.cl\/v2\/?p=16729"},"modified":"2024-10-01T19:07:26","modified_gmt":"2024-10-01T19:07:26","slug":"revisa-la-parrilla-de-artistas-del-18-chico-2024","status":"publish","type":"post","link":"https:\/\/municanete.cl\/v2\/revisa-la-parrilla-de-artistas-del-18-chico-2024\/","title":{"rendered":"REVISA LA PARRILLA DE ARTISTAS DEL \u00ab18 CHICO\u00bb 2024"},"content":{"rendered":"\t\t<div data-elementor-type=\"wp-post\" data-elementor-id=\"16729\" class=\"elementor elementor-16729\" data-elementor-post-type=\"post\">\n\t\t\t\t\t\t<section class=\"elementor-section elementor-top-section elementor-element elementor-element-20c93bb8 elementor-section-boxed elementor-section-height-default elementor-section-height-default\" data-id=\"20c93bb8\" data-element_type=\"section\" data-e-type=\"section\">\n\t\t\t\t\t\t<div class=\"elementor-container elementor-column-gap-default\">\n\t\t\t\t\t<div class=\"elementor-column elementor-col-100 elementor-top-column elementor-element elementor-element-5590bed\" data-id=\"5590bed\" data-element_type=\"column\" data-e-type=\"column\">\n\t\t\t<div class=\"elementor-widget-wrap elementor-element-populated\">\n\t\t\t\t\t\t<div class=\"elementor-element elementor-element-3ea57378 elementor-widget elementor-widget-text-editor\" data-id=\"3ea57378\" data-element_type=\"widget\" data-e-type=\"widget\" data-widget_type=\"text-editor.default\">\n\t\t\t\t<div class=\"elementor-widget-container\">\n\t\t\t\t\t\t\t\t\t<b>\u00a1Celebremos Juntos el \u201c18 Chico\u201d en el Parque Anique!\u00a0<\/b>\r\n<div class=\"x11i5rnm xat24cr x1mh8g0r x1vvkbs xtlvy1s x126k92a\">\r\n<div dir=\"auto\">La Ilustre Municipalidad y el Concejo Municipal invitan a la comunidad a ser parte de las actividades que se han organizado para celebrar el 18 chico 2024 en familia.<\/div>\r\n<\/div>\r\n<div class=\"x11i5rnm xat24cr x1mh8g0r x1vvkbs xtlvy1s x126k92a\">Compartimos con todos los vecinos de Ca\u00f1ete el listado de artistas que nos acompa\u00f1ar\u00e1n en este gran estelar, que se llevar\u00e1 a cabo el 11, 12 y 13 de octubre, en el Parque Anique.\u00a0<span class=\"html-span xexx8yu x4uap5 x18d9i69 xkhd6sd x1hl2dhg x16tdsg8 x1vvkbs x3nfvp2 x1j61x8r x1fcty0u xdj266r xat24cr xgzva0m xhhsvwb xxymvpz xlup9mm x1kky2od\">\u00a1Ojo que tendremos invitados especiales que complementar\u00e1n la parrilla de artistas! As\u00ed que atentos a nuestras redes oficiales.<\/span><\/div>\r\n<div class=\"x11i5rnm xat24cr x1mh8g0r x1vvkbs xtlvy1s x126k92a\">\r\n<div dir=\"auto\"><\/div>\r\n<\/div>\t\t\t\t\t\t\t\t<\/div>\n\t\t\t\t<\/div>\n\t\t\t\t\t<\/div>\n\t\t<\/div>\n\t\t\t\t\t<\/div>\n\t\t<\/section>\n\t\t\t\t<section class=\"elementor-section elementor-top-section elementor-element elementor-element-927518a elementor-section-boxed elementor-section-height-default elementor-section-height-default\" data-id=\"927518a\" data-element_type=\"section\" data-e-type=\"section\">\n\t\t\t\t\t\t<div class=\"elementor-container elementor-column-gap-default\">\n\t\t\t\t\t<div class=\"elementor-column elementor-col-100 elementor-top-column elementor-element elementor-element-dd53c9a\" data-id=\"dd53c9a\" data-element_type=\"column\" data-e-type=\"column\">\n\t\t\t<div class=\"elementor-widget-wrap elementor-element-populated\">\n\t\t\t\t\t\t<div class=\"elementor-element elementor-element-10b4ac7 elementor-widget elementor-widget-image\" data-id=\"10b4ac7\" data-element_type=\"widget\" data-e-type=\"widget\" data-widget_type=\"image.default\">\n\t\t\t\t<div class=\"elementor-widget-container\">\n\t\t\t\t\t\t\t\t\t\t\t\t\t\t\t<img fetchpriority=\"high\" decoding=\"async\" width=\"819\" height=\"1024\" src=\"https:\/\/municanete.cl\/v2\/wp-content\/uploads\/2024\/10\/PORTADA-PARRILA-DE-ARTISTAS2-819x1024.png\" class=\"attachment-large size-large wp-image-16731\" alt=\"\" srcset=\"https:\/\/municanete.cl\/v2\/wp-content\/uploads\/2024\/10\/PORTADA-PARRILA-DE-ARTISTAS2-819x1024.png 819w, https:\/\/municanete.cl\/v2\/wp-content\/uploads\/2024\/10\/PORTADA-PARRILA-DE-ARTISTAS2-240x300.png 240w, https:\/\/municanete.cl\/v2\/wp-content\/uploads\/2024\/10\/PORTADA-PARRILA-DE-ARTISTAS2-768x960.png 768w, https:\/\/municanete.cl\/v2\/wp-content\/uploads\/2024\/10\/PORTADA-PARRILA-DE-ARTISTAS2.png 1080w\" sizes=\"(max-width: 819px) 100vw, 819px\" \/>\t\t\t\t\t\t\t\t\t\t\t\t\t\t\t<\/div>\n\t\t\t\t<\/div>\n\t\t\t\t\t<\/div>\n\t\t<\/div>\n\t\t\t\t\t<\/div>\n\t\t<\/section>\n\t\t\t\t<\/div>\n\t\t","protected":false},"excerpt":{"rendered":"<p>\u00a1Celebremos Juntos el \u201c18 Chico\u201d en el Parque Anique!\u00a0 La Ilustre Municipalidad y el Concejo Municipal invitan a la comunidad a ser parte de las actividades que se han organizado para celebrar el 18 chico 2024 en familia. Compartimos con todos los vecinos de Ca\u00f1ete el listado de artistas que nos acompa\u00f1ar\u00e1n en este gran &#8230; <\/p>\n<p class=\"read-more-container\"><a title=\"REVISA LA PARRILLA DE ARTISTAS DEL \u00ab18 CHICO\u00bb 2024\" class=\"read-more button\" href=\"https:\/\/municanete.cl\/v2\/revisa-la-parrilla-de-artistas-del-18-chico-2024\/#more-16729\" aria-label=\"Leer m\u00e1s sobre REVISA LA PARRILLA DE ARTISTAS DEL \u00ab18 CHICO\u00bb 2024\">Leer m\u00e1s<\/a><\/p>\n","protected":false},"author":2,"featured_media":16737,"comment_status":"closed","ping_status":"closed","sticky":false,"template":"","format":"image","meta":{"footnotes":""},"categories":[48,1],"tags":[],"class_list":["post-16729","post","type-post","status-publish","format-image","has-post-thumbnail","hentry","category-sin-categoria","category-uncategorized","post_format-post-format-image"],"_links":{"self":[{"href":"https:\/\/municanete.cl\/v2\/wp-json\/wp\/v2\/posts\/16729","targetHints":{"allow":["GET"]}}],"collection":[{"href":"https:\/\/municanete.cl\/v2\/wp-json\/wp\/v2\/posts"}],"about":[{"href":"https:\/\/municanete.cl\/v2\/wp-json\/wp\/v2\/types\/post"}],"author":[{"embeddable":true,"href":"https:\/\/municanete.cl\/v2\/wp-json\/wp\/v2\/users\/2"}],"replies":[{"embeddable":true,"href":"https:\/\/municanete.cl\/v2\/wp-json\/wp\/v2\/comments?post=16729"}],"version-history":[{"count":0,"href":"https:\/\/municanete.cl\/v2\/wp-json\/wp\/v2\/posts\/16729\/revisions"}],"wp:featuredmedia":[{"embeddable":true,"href":"https:\/\/municanete.cl\/v2\/wp-json\/wp\/v2\/media\/16737"}],"wp:attachment":[{"href":"https:\/\/municanete.cl\/v2\/wp-json\/wp\/v2\/media?parent=16729"}],"wp:term":[{"taxonomy":"category","embeddable":true,"href":"https:\/\/municanete.cl\/v2\/wp-json\/wp\/v2\/categories?post=16729"},{"taxonomy":"post_tag","embeddable":true,"href":"https:\/\/municanete.cl\/v2\/wp-json\/wp\/v2\/tags?post=16729"}],"curies":[{"name":"wp","href":"https:\/\/api.w.org\/{rel}","templated":true}]}}